{"id":987,"date":"2020-01-20T21:13:12","date_gmt":"2020-01-20T20:13:12","guid":{"rendered":"http:\/\/www.governolocale.net\/wordpress2\/?p=987"},"modified":"2020-01-20T21:13:12","modified_gmt":"2020-01-20T20:13:12","slug":"le-ferie-non-godute-entro-18-mesi-non-sono-piu-fruibili-tar-valle-daosta","status":"publish","type":"post","link":"https:\/\/www.governolocale.net\/wordpress2\/?p=987","title":{"rendered":"Le ferie non godute entro 18 mesi non sono pi\u00f9 fruibili (TAR Valle d&#8217;Aosta)"},"content":{"rendered":"<p>&#8220;Il diritto di ogni lavoratore alle ferie annuali retribuite deve essere considerato un principio particolarmente importante del diritto sociale dell\u2019Unione.\u00a0Per altro verso, il datore di lavoro ha l\u2019onere di assicurarsi concretamente e con trasparenza che il lavoratore sia effettivamente in condizione di godere delle ferie annuali retribuite invitandolo, se\u00a0necessario formalmente, a farlo e nel contempo informandolo \u2013 in modo accurato e in tempo utile \u2013 del fatto che, se egli non ne fruisce, tali ferie andranno perse al termine del periodo di riferimento o di un periodo di riporto autorizzato&#8221;<\/p>\n<p>\u00c8 quanto afferma il TAR della Valle D&#8217;Aosta con la sentenza 1\/2020 (in fondo alla pagina).<\/p>\n<p>Nel caso di specie, l&#8217;ente ha invitato il dipendente a programmare nel pi\u00f9 breve tempo possibile la fruizione dei periodi di congedo ordinario degli anni 2018 e 2019. Tale invito non \u00e8 stato per\u00f2 accettato dalla ricorrente che ha avanzato la pretesa di fruire anche del periodo di congedo maturato per gli anni 2015, 2016 e 2017. Tale pretesa, a giudizio del \u00a0TAR, si rivela per\u00f2 del tutto priva di fondamento.<\/p>\n<div class=\"page\" title=\"Page 7\">\n<div class=\"section\">\n<div class=\"layoutArea\">\n<div class=\"column\">\n<p>Come si deduce, aggiungono i giudici, dall\u2019art 9 del Nuovo Accordo Quadro Nazionale, pubblicato sulla G.U. n. 100 del 2 maggio 2018, il congedo ordinario va programmato e fruito nell\u2019anno solare di riferimento, salvo indifferibili esigenze di servizio che non ne rendano possibile la completa fruizione o per motivate esigenze di carattere personale e, limitatamente a queste ultime, compatibilmente con le esigenze di servizio. In tal caso, la parte residua deve essere fruita entro i successivi 18 mesi.<\/p>\n<div class=\"page\" title=\"Page 8\">\n<div class=\"section\">\n<div class=\"layoutArea\">\n<div class=\"column\">\n<p>E si afferma che l\u2019assetto ora descritto non collide con il principio costituzionale dell\u2019irrinunciabilit\u00e0 delle ferie, in quanto garantisce, comunque, un equilibrato rispetto delle esigenze organizzative dell\u2019amministrazione e di quelle di riposo del lavoratore.<\/p>\n<p>A ci\u00f2 si aggiunge che, per effetto del D.L. n. 95 del 2012, art. 5, comma 8, conv., con mod. dalla L. n. 135 del 2012, &#8220;Le ferie, i riposi ed i permessi spettanti al personale, anche di qualifica dirigenziale, delle amministrazioni pubbliche inserite nel conto economico consolidato della pubblica amministrazione&#8230;, sono obbligatoriamente fruiti secondo quanto previsto dai rispettivi ordinamenti e non danno luogo in nessun caso alla corresponsione di trattamenti economici sostitutivi&#8221;<\/p>\n<p><a href=\"https:\/\/www.giustizia-amministrativa.it\/portale\/pages\/istituzionale\/visualizza?nodeRef=&amp;schema=tar_ao&amp;nrg=201900025&amp;nomeFile=202000001_01.html&amp;subDir=Provvedimenti\" target=\"_blank\" rel=\"noopener noreferrer\">link alla sentenza<\/a><\/p>\n<\/div>\n<\/div>\n<\/div>\n<\/div>\n<\/div>\n<\/div>\n<\/div>\n<\/div>\n<p>*) l&#8217;immagine \u00e8 tratta dal sito www.studiobirtolo.it<\/p>\n<div class=\"pvc_clear\"><\/div>\n<p class=\"pvc_stats all \" data-element-id=\"987\" style=\"\"><i class=\"pvc-stats-icon medium\" aria-hidden=\"true\"><svg aria-hidden=\"true\" focusable=\"false\" data-prefix=\"far\" data-icon=\"chart-bar\" role=\"img\" xmlns=\"http:\/\/www.w3.org\/2000\/svg\" viewBox=\"0 0 512 512\" class=\"svg-inline--fa fa-chart-bar fa-w-16 fa-2x\"><path fill=\"currentColor\" d=\"M396.8 352h22.4c6.4 0 12.8-6.4 12.8-12.8V108.8c0-6.4-6.4-12.8-12.8-12.8h-22.4c-6.4 0-12.8 6.4-12.8 12.8v230.4c0 6.4 6.4 12.8 12.8 12.8zm-192 0h22.4c6.4 0 12.8-6.4 12.8-12.8V140.8c0-6.4-6.4-12.8-12.8-12.8h-22.4c-6.4 0-12.8 6.4-12.8 12.8v198.4c0 6.4 6.4 12.8 12.8 12.8zm96 0h22.4c6.4 0 12.8-6.4 12.8-12.8V204.8c0-6.4-6.4-12.8-12.8-12.8h-22.4c-6.4 0-12.8 6.4-12.8 12.8v134.4c0 6.4 6.4 12.8 12.8 12.8zM496 400H48V80c0-8.84-7.16-16-16-16H16C7.16 64 0 71.16 0 80v336c0 17.67 14.33 32 32 32h464c8.84 0 16-7.16 16-16v-16c0-8.84-7.16-16-16-16zm-387.2-48h22.4c6.4 0 12.8-6.4 12.8-12.8v-70.4c0-6.4-6.4-12.8-12.8-12.8h-22.4c-6.4 0-12.8 6.4-12.8 12.8v70.4c0 6.4 6.4 12.8 12.8 12.8z\" class=\"\"><\/path><\/svg><\/i> &nbsp;6,581&nbsp;total views, &nbsp;1&nbsp;views today<\/p>\n<div class=\"pvc_clear\"><\/div>\n","protected":false},"excerpt":{"rendered":"<p>&ldquo;Il diritto di ogni lavoratore alle ferie annuali retribuite deve essere considerato un principio particolarmente importante del diritto sociale dell&rsquo;Unione.&nbsp;Per altro verso, il datore di lavoro ha l&rsquo;onere di assicurarsi concretamente e con trasparenza che il lavoratore sia effettivamente in &hellip; <a class=\"more-link\" href=\"https:\/\/www.governolocale.net\/wordpress2\/?p=987\">Per saperne di pi\u00f9<\/a><div class=\"pvc_clear\"><\/div><p class=\"pvc_stats all \" data-element-id=\"987\" style=\"\"><i class=\"pvc-stats-icon medium\" aria-hidden=\"true\"><svg aria-hidden=\"true\" focusable=\"false\" data-prefix=\"far\" data-icon=\"chart-bar\" role=\"img\" xmlns=\"http:\/\/www.w3.org\/2000\/svg\" viewBox=\"0 0 512 512\" class=\"svg-inline--fa fa-chart-bar fa-w-16 fa-2x\"><path fill=\"currentColor\" d=\"M396.8 352h22.4c6.4 0 12.8-6.4 12.8-12.8V108.8c0-6.4-6.4-12.8-12.8-12.8h-22.4c-6.4 0-12.8 6.4-12.8 12.8v230.4c0 6.4 6.4 12.8 12.8 12.8zm-192 0h22.4c6.4 0 12.8-6.4 12.8-12.8V140.8c0-6.4-6.4-12.8-12.8-12.8h-22.4c-6.4 0-12.8 6.4-12.8 12.8v198.4c0 6.4 6.4 12.8 12.8 12.8zm96 0h22.4c6.4 0 12.8-6.4 12.8-12.8V204.8c0-6.4-6.4-12.8-12.8-12.8h-22.4c-6.4 0-12.8 6.4-12.8 12.8v134.4c0 6.4 6.4 12.8 12.8 12.8zM496 400H48V80c0-8.84-7.16-16-16-16H16C7.16 64 0 71.16 0 80v336c0 17.67 14.33 32 32 32h464c8.84 0 16-7.16 16-16v-16c0-8.84-7.16-16-16-16zm-387.2-48h22.4c6.4 0 12.8-6.4 12.8-12.8v-70.4c0-6.4-6.4-12.8-12.8-12.8h-22.4c-6.4 0-12.8 6.4-12.8 12.8v70.4c0 6.4 6.4 12.8 12.8 12.8z\" class=\"\"><\/path><\/svg><\/i> &nbsp;6,581&nbsp;total views, &nbsp;1&nbsp;views today<\/p><div class=\"pvc_clear\"><\/div><\/p>","protected":false},"author":7,"featured_media":988,"comment_status":"closed","ping_status":"open","sticky":false,"template":"","format":"standard","meta":[],"categories":[3],"tags":[],"_links":{"self":[{"href":"https:\/\/www.governolocale.net\/wordpress2\/index.php?rest_route=\/wp\/v2\/posts\/987"}],"collection":[{"href":"https:\/\/www.governolocale.net\/wordpress2\/index.php?rest_route=\/wp\/v2\/posts"}],"about":[{"href":"https:\/\/www.governolocale.net\/wordpress2\/index.php?rest_route=\/wp\/v2\/types\/post"}],"author":[{"embeddable":true,"href":"https:\/\/www.governolocale.net\/wordpress2\/index.php?rest_route=\/wp\/v2\/users\/7"}],"replies":[{"embeddable":true,"href":"https:\/\/www.governolocale.net\/wordpress2\/index.php?rest_route=%2Fwp%2Fv2%2Fcomments&post=987"}],"version-history":[{"count":1,"href":"https:\/\/www.governolocale.net\/wordpress2\/index.php?rest_route=\/wp\/v2\/posts\/987\/revisions"}],"predecessor-version":[{"id":989,"href":"https:\/\/www.governolocale.net\/wordpress2\/index.php?rest_route=\/wp\/v2\/posts\/987\/revisions\/989"}],"wp:featuredmedia":[{"embeddable":true,"href":"https:\/\/www.governolocale.net\/wordpress2\/index.php?rest_route=\/wp\/v2\/media\/988"}],"wp:attachment":[{"href":"https:\/\/www.governolocale.net\/wordpress2\/index.php?rest_route=%2Fwp%2Fv2%2Fmedia&parent=987"}],"wp:term":[{"taxonomy":"category","embeddable":true,"href":"https:\/\/www.governolocale.net\/wordpress2\/index.php?rest_route=%2Fwp%2Fv2%2Fcategories&post=987"},{"taxonomy":"post_tag","embeddable":true,"href":"https:\/\/www.governolocale.net\/wordpress2\/index.php?rest_route=%2Fwp%2Fv2%2Ftags&post=987"}],"curies":[{"name":"wp","href":"https:\/\/api.w.org\/{rel}","templated":true}]}}